{"id":4372,"date":"2021-01-18T08:44:02","date_gmt":"2021-01-18T06:44:02","guid":{"rendered":"https:\/\/servihonda.es\/honda-with-kevin-benavides-and-ricky-brabec-reaches-the-top-in-the-dakar-2021\/"},"modified":"2025-12-11T15:28:02","modified_gmt":"2025-12-11T13:28:02","slug":"honda-with-kevin-benavides-and-ricky-brabec-reaches-the-top-in-the-dakar-2021","status":"publish","type":"post","link":"https:\/\/servihonda.es\/en\/honda-with-kevin-benavides-and-ricky-brabec-reaches-the-top-in-the-dakar-2021\/","title":{"rendered":"Honda, with Kevin Benavides and Ricky Brabec, reaches the top in the Dakar 2021"},"content":{"rendered":"&#13;\n<p>After twelve grueling stages through the Saudi Arabian desert, the Monster Energy Honda Team has achieved final victory with Kevin Benavides and Ricky Brabec, who secured first and second position respectively on the podium.<\/p>&#13;\n&#13;\n<p>In this way, Honda achieves a one-two finish in the motorcycle category in the toughest race in the world, confirming the great progression of Argentinian Kevin Benavides, who needed just over 47 hours to complete this Dakar course, after moving from enduro to rally-raid events, becoming the first Latin American to achieve victory in motorcycles in the Dakar.<\/p>&#13;\n&#13;\n<figure class=\"wp-block-image size-large\"><img decoding=\"async\" class=\"wp-image-2250\" src=\"https:\/\/www.servihonda.es\/wp-content\/uploads\/2021\/01\/honda-dakar-2021.jpg\" alt=\"\"\/><\/figure>&#13;\n&#13;\n<p>For his part, the American Ricky Brabec finished just over four minutes behind his teammate.<\/p>&#13;\n&#13;\n<p>In total, of the 12 stages contested, Honda has achieved 9 victories, undoubtedly a success for the Japanese brand.<\/p>&#13;\n&#13;\n<figure class=\"wp-block-image size-large\"><img decoding=\"async\" class=\"wp-image-2251\" src=\"https:\/\/www.servihonda.es\/wp-content\/uploads\/2021\/01\/honda-dakar-2021-victoria-placa.jpg\" alt=\"\"\/><\/figure>&#13;\n","protected":false},"excerpt":{"rendered":"<p>&#13; After twelve grueling stages through the Saudi Arabian desert, the Monster Energy Honda Team has achieved final victory with Kevin Benavides and Ricky Brabec, who secured first and second position respectively on the podium. &#13; &#13; In this way, Honda achieves a one-two finish in the motorcycle category in the toughest race in the&#8230;<\/p>\n","protected":false},"author":1,"featured_media":4373,"comment_status":"closed","ping_status":"closed","sticky":false,"template":"","format":"standard","meta":{"_acf_changed":false,"footnotes":""},"categories":[398,385],"tags":[],"class_list":["post-4372","post","type-post","status-publish","format-standard","has-post-thumbnail","hentry","category-honda-africa-twin","category-motorcycles"],"acf":[],"yoast_head":"<!-- This site is optimized with the Yoast SEO plugin v27.4 - https:\/\/yoast.com\/product\/yoast-seo-wordpress\/ -->\n<title>Honda, with Kevin Benavides and Ricky Brabec, reaches the top in the Dakar 2021 | Servihonda M\u00e1laga% Servihonda M\u00e1laga Servihonda M\u00e1laga%.<\/title>\n<meta name=\"description\" content=\"Honda, with Kevin Benavides and Ricky Brabec, reaches the top in the Dakar 2021\" \/>\n<meta name=\"robots\" content=\"index, follow, max-snippet:-1, max-image-preview:large, max-video-preview:-1\" \/>\n<link rel=\"canonical\" href=\"https:\/\/servihonda.es\/en\/honda-with-kevin-benavides-and-ricky-brabec-reaches-the-top-in-the-dakar-2021\/\" \/>\n<meta property=\"og:locale\" content=\"en_US\" \/>\n<meta property=\"og:type\" content=\"article\" \/>\n<meta property=\"og:title\" content=\"Honda, with Kevin Benavides and Ricky Brabec, reaches the top in the Dakar 2021 | Servihonda M\u00e1laga% Servihonda M\u00e1laga Servihonda M\u00e1laga%.\" \/>\n<meta property=\"og:description\" content=\"Honda, with Kevin Benavides and Ricky Brabec, reaches the top in the Dakar 2021\" \/>\n<meta property=\"og:url\" content=\"https:\/\/servihonda.es\/en\/honda-with-kevin-benavides-and-ricky-brabec-reaches-the-top-in-the-dakar-2021\/\" \/>\n<meta property=\"og:site_name\" content=\"Servihonda M\u00e1laga\" \/>\n<meta property=\"article:published_time\" content=\"2021-01-18T06:44:02+00:00\" \/>\n<meta property=\"article:modified_time\" content=\"2025-12-11T13:28:02+00:00\" \/>\n<meta property=\"og:image\" content=\"https:\/\/servihonda.es\/wp-content\/uploads\/2021\/01\/kevin-benavides-dakar-2021.jpg\" \/>\n\t<meta property=\"og:image:width\" content=\"800\" \/>\n\t<meta property=\"og:image:height\" content=\"533\" \/>\n\t<meta property=\"og:image:type\" content=\"image\/jpeg\" \/>\n<meta name=\"author\" content=\"admin_solbyte\" \/>\n<meta name=\"twitter:card\" content=\"summary_large_image\" \/>\n<meta name=\"twitter:label1\" content=\"Written by\" \/>\n\t<meta name=\"twitter:data1\" content=\"admin_solbyte\" \/>\n\t<meta name=\"twitter:label2\" content=\"Est. reading time\" \/>\n\t<meta name=\"twitter:data2\" content=\"1 minute\" \/>\n<script type=\"application\/ld+json\" class=\"yoast-schema-graph\">{\"@context\":\"https:\\\/\\\/schema.org\",\"@graph\":[{\"@type\":\"Article\",\"@id\":\"https:\\\/\\\/servihonda.es\\\/en\\\/honda-with-kevin-benavides-and-ricky-brabec-reaches-the-top-in-the-dakar-2021\\\/#article\",\"isPartOf\":{\"@id\":\"https:\\\/\\\/servihonda.es\\\/en\\\/honda-with-kevin-benavides-and-ricky-brabec-reaches-the-top-in-the-dakar-2021\\\/\"},\"author\":{\"name\":\"admin_solbyte\",\"@id\":\"https:\\\/\\\/servihonda.es\\\/en\\\/#\\\/schema\\\/person\\\/b088e98ec16e7b8567544de9564df77a\"},\"headline\":\"Honda, with Kevin Benavides and Ricky Brabec, reaches the top in the Dakar 2021\",\"datePublished\":\"2021-01-18T06:44:02+00:00\",\"dateModified\":\"2025-12-11T13:28:02+00:00\",\"mainEntityOfPage\":{\"@id\":\"https:\\\/\\\/servihonda.es\\\/en\\\/honda-with-kevin-benavides-and-ricky-brabec-reaches-the-top-in-the-dakar-2021\\\/\"},\"wordCount\":136,\"publisher\":{\"@id\":\"https:\\\/\\\/servihonda.es\\\/en\\\/#organization\"},\"image\":{\"@id\":\"https:\\\/\\\/servihonda.es\\\/en\\\/honda-with-kevin-benavides-and-ricky-brabec-reaches-the-top-in-the-dakar-2021\\\/#primaryimage\"},\"thumbnailUrl\":\"https:\\\/\\\/servihonda.es\\\/wp-content\\\/uploads\\\/2021\\\/01\\\/kevin-benavides-dakar-2021.jpg\",\"articleSection\":[\"Honda Africa Twin\",\"Motorcycles\"],\"inLanguage\":\"en-US\"},{\"@type\":\"WebPage\",\"@id\":\"https:\\\/\\\/servihonda.es\\\/en\\\/honda-with-kevin-benavides-and-ricky-brabec-reaches-the-top-in-the-dakar-2021\\\/\",\"url\":\"https:\\\/\\\/servihonda.es\\\/en\\\/honda-with-kevin-benavides-and-ricky-brabec-reaches-the-top-in-the-dakar-2021\\\/\",\"name\":\"Honda, with Kevin Benavides and Ricky Brabec, reaches the top in the Dakar 2021 | Servihonda M\u00e1laga% Servihonda M\u00e1laga Servihonda M\u00e1laga%.\",\"isPartOf\":{\"@id\":\"https:\\\/\\\/servihonda.es\\\/en\\\/#website\"},\"primaryImageOfPage\":{\"@id\":\"https:\\\/\\\/servihonda.es\\\/en\\\/honda-with-kevin-benavides-and-ricky-brabec-reaches-the-top-in-the-dakar-2021\\\/#primaryimage\"},\"image\":{\"@id\":\"https:\\\/\\\/servihonda.es\\\/en\\\/honda-with-kevin-benavides-and-ricky-brabec-reaches-the-top-in-the-dakar-2021\\\/#primaryimage\"},\"thumbnailUrl\":\"https:\\\/\\\/servihonda.es\\\/wp-content\\\/uploads\\\/2021\\\/01\\\/kevin-benavides-dakar-2021.jpg\",\"datePublished\":\"2021-01-18T06:44:02+00:00\",\"dateModified\":\"2025-12-11T13:28:02+00:00\",\"description\":\"Honda, with Kevin Benavides and Ricky Brabec, reaches the top in the Dakar 2021\",\"breadcrumb\":{\"@id\":\"https:\\\/\\\/servihonda.es\\\/en\\\/honda-with-kevin-benavides-and-ricky-brabec-reaches-the-top-in-the-dakar-2021\\\/#breadcrumb\"},\"inLanguage\":\"en-US\",\"potentialAction\":[{\"@type\":\"ReadAction\",\"target\":[\"https:\\\/\\\/servihonda.es\\\/en\\\/honda-with-kevin-benavides-and-ricky-brabec-reaches-the-top-in-the-dakar-2021\\\/\"]}]},{\"@type\":\"ImageObject\",\"inLanguage\":\"en-US\",\"@id\":\"https:\\\/\\\/servihonda.es\\\/en\\\/honda-with-kevin-benavides-and-ricky-brabec-reaches-the-top-in-the-dakar-2021\\\/#primaryimage\",\"url\":\"https:\\\/\\\/servihonda.es\\\/wp-content\\\/uploads\\\/2021\\\/01\\\/kevin-benavides-dakar-2021.jpg\",\"contentUrl\":\"https:\\\/\\\/servihonda.es\\\/wp-content\\\/uploads\\\/2021\\\/01\\\/kevin-benavides-dakar-2021.jpg\",\"width\":800,\"height\":533,\"caption\":\"kevin benavides dakar 2021\"},{\"@type\":\"BreadcrumbList\",\"@id\":\"https:\\\/\\\/servihonda.es\\\/en\\\/honda-with-kevin-benavides-and-ricky-brabec-reaches-the-top-in-the-dakar-2021\\\/#breadcrumb\",\"itemListElement\":[{\"@type\":\"ListItem\",\"position\":1,\"name\":\"Home page\",\"item\":\"https:\\\/\\\/servihonda.es\\\/en\\\/\"},{\"@type\":\"ListItem\",\"position\":2,\"name\":\"Honda, with Kevin Benavides and Ricky Brabec, reaches the top in the Dakar 2021\"}]},{\"@type\":\"WebSite\",\"@id\":\"https:\\\/\\\/servihonda.es\\\/en\\\/#website\",\"url\":\"https:\\\/\\\/servihonda.es\\\/en\\\/\",\"name\":\"Servihonda M\u00e1laga\",\"description\":\"\",\"publisher\":{\"@id\":\"https:\\\/\\\/servihonda.es\\\/en\\\/#organization\"},\"potentialAction\":[{\"@type\":\"SearchAction\",\"target\":{\"@type\":\"EntryPoint\",\"urlTemplate\":\"https:\\\/\\\/servihonda.es\\\/en\\\/?s={search_term_string}\"},\"query-input\":{\"@type\":\"PropertyValueSpecification\",\"valueRequired\":true,\"valueName\":\"search_term_string\"}}],\"inLanguage\":\"en-US\"},{\"@type\":\"Organization\",\"@id\":\"https:\\\/\\\/servihonda.es\\\/en\\\/#organization\",\"name\":\"Servihonda M\u00e1laga\",\"url\":\"https:\\\/\\\/servihonda.es\\\/en\\\/\",\"logo\":{\"@type\":\"ImageObject\",\"inLanguage\":\"en-US\",\"@id\":\"https:\\\/\\\/servihonda.es\\\/en\\\/#\\\/schema\\\/logo\\\/image\\\/\",\"url\":\"https:\\\/\\\/servihonda.es\\\/wp-content\\\/uploads\\\/2025\\\/09\\\/logo-servihonda.png\",\"contentUrl\":\"https:\\\/\\\/servihonda.es\\\/wp-content\\\/uploads\\\/2025\\\/09\\\/logo-servihonda.png\",\"width\":253,\"height\":72,\"caption\":\"Servihonda M\u00e1laga\"},\"image\":{\"@id\":\"https:\\\/\\\/servihonda.es\\\/en\\\/#\\\/schema\\\/logo\\\/image\\\/\"}},{\"@type\":\"Person\",\"@id\":\"https:\\\/\\\/servihonda.es\\\/en\\\/#\\\/schema\\\/person\\\/b088e98ec16e7b8567544de9564df77a\",\"name\":\"admin_solbyte\",\"image\":{\"@type\":\"ImageObject\",\"inLanguage\":\"en-US\",\"@id\":\"https:\\\/\\\/secure.gravatar.com\\\/avatar\\\/edd888738bb98bddffbea2c50034264e135aaa1849baae74099aa811d4485252?s=96&d=mm&r=g\",\"url\":\"https:\\\/\\\/secure.gravatar.com\\\/avatar\\\/edd888738bb98bddffbea2c50034264e135aaa1849baae74099aa811d4485252?s=96&d=mm&r=g\",\"contentUrl\":\"https:\\\/\\\/secure.gravatar.com\\\/avatar\\\/edd888738bb98bddffbea2c50034264e135aaa1849baae74099aa811d4485252?s=96&d=mm&r=g\",\"caption\":\"admin_solbyte\"},\"sameAs\":[\"https:\\\/\\\/servihonda.es\"]}]}<\/script>\n<!-- \/ Yoast SEO plugin. -->","yoast_head_json":{"title":"Honda, with Kevin Benavides and Ricky Brabec, reaches the top in the Dakar 2021 | Servihonda M\u00e1laga% Servihonda M\u00e1laga Servihonda M\u00e1laga%.","description":"Honda, with Kevin Benavides and Ricky Brabec, reaches the top in the Dakar 2021","robots":{"index":"index","follow":"follow","max-snippet":"max-snippet:-1","max-image-preview":"max-image-preview:large","max-video-preview":"max-video-preview:-1"},"canonical":"https:\/\/servihonda.es\/en\/honda-with-kevin-benavides-and-ricky-brabec-reaches-the-top-in-the-dakar-2021\/","og_locale":"en_US","og_type":"article","og_title":"Honda, with Kevin Benavides and Ricky Brabec, reaches the top in the Dakar 2021 | Servihonda M\u00e1laga% Servihonda M\u00e1laga Servihonda M\u00e1laga%.","og_description":"Honda, with Kevin Benavides and Ricky Brabec, reaches the top in the Dakar 2021","og_url":"https:\/\/servihonda.es\/en\/honda-with-kevin-benavides-and-ricky-brabec-reaches-the-top-in-the-dakar-2021\/","og_site_name":"Servihonda M\u00e1laga","article_published_time":"2021-01-18T06:44:02+00:00","article_modified_time":"2025-12-11T13:28:02+00:00","og_image":[{"width":800,"height":533,"url":"https:\/\/servihonda.es\/wp-content\/uploads\/2021\/01\/kevin-benavides-dakar-2021.jpg","type":"image\/jpeg"}],"author":"admin_solbyte","twitter_card":"summary_large_image","twitter_misc":{"Written by":"admin_solbyte","Est. reading time":"1 minute"},"schema":{"@context":"https:\/\/schema.org","@graph":[{"@type":"Article","@id":"https:\/\/servihonda.es\/en\/honda-with-kevin-benavides-and-ricky-brabec-reaches-the-top-in-the-dakar-2021\/#article","isPartOf":{"@id":"https:\/\/servihonda.es\/en\/honda-with-kevin-benavides-and-ricky-brabec-reaches-the-top-in-the-dakar-2021\/"},"author":{"name":"admin_solbyte","@id":"https:\/\/servihonda.es\/en\/#\/schema\/person\/b088e98ec16e7b8567544de9564df77a"},"headline":"Honda, with Kevin Benavides and Ricky Brabec, reaches the top in the Dakar 2021","datePublished":"2021-01-18T06:44:02+00:00","dateModified":"2025-12-11T13:28:02+00:00","mainEntityOfPage":{"@id":"https:\/\/servihonda.es\/en\/honda-with-kevin-benavides-and-ricky-brabec-reaches-the-top-in-the-dakar-2021\/"},"wordCount":136,"publisher":{"@id":"https:\/\/servihonda.es\/en\/#organization"},"image":{"@id":"https:\/\/servihonda.es\/en\/honda-with-kevin-benavides-and-ricky-brabec-reaches-the-top-in-the-dakar-2021\/#primaryimage"},"thumbnailUrl":"https:\/\/servihonda.es\/wp-content\/uploads\/2021\/01\/kevin-benavides-dakar-2021.jpg","articleSection":["Honda Africa Twin","Motorcycles"],"inLanguage":"en-US"},{"@type":"WebPage","@id":"https:\/\/servihonda.es\/en\/honda-with-kevin-benavides-and-ricky-brabec-reaches-the-top-in-the-dakar-2021\/","url":"https:\/\/servihonda.es\/en\/honda-with-kevin-benavides-and-ricky-brabec-reaches-the-top-in-the-dakar-2021\/","name":"Honda, with Kevin Benavides and Ricky Brabec, reaches the top in the Dakar 2021 | Servihonda M\u00e1laga% Servihonda M\u00e1laga Servihonda M\u00e1laga%.","isPartOf":{"@id":"https:\/\/servihonda.es\/en\/#website"},"primaryImageOfPage":{"@id":"https:\/\/servihonda.es\/en\/honda-with-kevin-benavides-and-ricky-brabec-reaches-the-top-in-the-dakar-2021\/#primaryimage"},"image":{"@id":"https:\/\/servihonda.es\/en\/honda-with-kevin-benavides-and-ricky-brabec-reaches-the-top-in-the-dakar-2021\/#primaryimage"},"thumbnailUrl":"https:\/\/servihonda.es\/wp-content\/uploads\/2021\/01\/kevin-benavides-dakar-2021.jpg","datePublished":"2021-01-18T06:44:02+00:00","dateModified":"2025-12-11T13:28:02+00:00","description":"Honda, with Kevin Benavides and Ricky Brabec, reaches the top in the Dakar 2021","breadcrumb":{"@id":"https:\/\/servihonda.es\/en\/honda-with-kevin-benavides-and-ricky-brabec-reaches-the-top-in-the-dakar-2021\/#breadcrumb"},"inLanguage":"en-US","potentialAction":[{"@type":"ReadAction","target":["https:\/\/servihonda.es\/en\/honda-with-kevin-benavides-and-ricky-brabec-reaches-the-top-in-the-dakar-2021\/"]}]},{"@type":"ImageObject","inLanguage":"en-US","@id":"https:\/\/servihonda.es\/en\/honda-with-kevin-benavides-and-ricky-brabec-reaches-the-top-in-the-dakar-2021\/#primaryimage","url":"https:\/\/servihonda.es\/wp-content\/uploads\/2021\/01\/kevin-benavides-dakar-2021.jpg","contentUrl":"https:\/\/servihonda.es\/wp-content\/uploads\/2021\/01\/kevin-benavides-dakar-2021.jpg","width":800,"height":533,"caption":"kevin benavides dakar 2021"},{"@type":"BreadcrumbList","@id":"https:\/\/servihonda.es\/en\/honda-with-kevin-benavides-and-ricky-brabec-reaches-the-top-in-the-dakar-2021\/#breadcrumb","itemListElement":[{"@type":"ListItem","position":1,"name":"Home page","item":"https:\/\/servihonda.es\/en\/"},{"@type":"ListItem","position":2,"name":"Honda, with Kevin Benavides and Ricky Brabec, reaches the top in the Dakar 2021"}]},{"@type":"WebSite","@id":"https:\/\/servihonda.es\/en\/#website","url":"https:\/\/servihonda.es\/en\/","name":"Servihonda M\u00e1laga","description":"","publisher":{"@id":"https:\/\/servihonda.es\/en\/#organization"},"potentialAction":[{"@type":"SearchAction","target":{"@type":"EntryPoint","urlTemplate":"https:\/\/servihonda.es\/en\/?s={search_term_string}"},"query-input":{"@type":"PropertyValueSpecification","valueRequired":true,"valueName":"search_term_string"}}],"inLanguage":"en-US"},{"@type":"Organization","@id":"https:\/\/servihonda.es\/en\/#organization","name":"Servihonda M\u00e1laga","url":"https:\/\/servihonda.es\/en\/","logo":{"@type":"ImageObject","inLanguage":"en-US","@id":"https:\/\/servihonda.es\/en\/#\/schema\/logo\/image\/","url":"https:\/\/servihonda.es\/wp-content\/uploads\/2025\/09\/logo-servihonda.png","contentUrl":"https:\/\/servihonda.es\/wp-content\/uploads\/2025\/09\/logo-servihonda.png","width":253,"height":72,"caption":"Servihonda M\u00e1laga"},"image":{"@id":"https:\/\/servihonda.es\/en\/#\/schema\/logo\/image\/"}},{"@type":"Person","@id":"https:\/\/servihonda.es\/en\/#\/schema\/person\/b088e98ec16e7b8567544de9564df77a","name":"admin_solbyte","image":{"@type":"ImageObject","inLanguage":"en-US","@id":"https:\/\/secure.gravatar.com\/avatar\/edd888738bb98bddffbea2c50034264e135aaa1849baae74099aa811d4485252?s=96&d=mm&r=g","url":"https:\/\/secure.gravatar.com\/avatar\/edd888738bb98bddffbea2c50034264e135aaa1849baae74099aa811d4485252?s=96&d=mm&r=g","contentUrl":"https:\/\/secure.gravatar.com\/avatar\/edd888738bb98bddffbea2c50034264e135aaa1849baae74099aa811d4485252?s=96&d=mm&r=g","caption":"admin_solbyte"},"sameAs":["https:\/\/servihonda.es"]}]}},"_links":{"self":[{"href":"https:\/\/servihonda.es\/en\/wp-json\/wp\/v2\/posts\/4372","targetHints":{"allow":["GET"]}}],"collection":[{"href":"https:\/\/servihonda.es\/en\/wp-json\/wp\/v2\/posts"}],"about":[{"href":"https:\/\/servihonda.es\/en\/wp-json\/wp\/v2\/types\/post"}],"author":[{"embeddable":true,"href":"https:\/\/servihonda.es\/en\/wp-json\/wp\/v2\/users\/1"}],"replies":[{"embeddable":true,"href":"https:\/\/servihonda.es\/en\/wp-json\/wp\/v2\/comments?post=4372"}],"version-history":[{"count":1,"href":"https:\/\/servihonda.es\/en\/wp-json\/wp\/v2\/posts\/4372\/revisions"}],"predecessor-version":[{"id":4374,"href":"https:\/\/servihonda.es\/en\/wp-json\/wp\/v2\/posts\/4372\/revisions\/4374"}],"wp:featuredmedia":[{"embeddable":true,"href":"https:\/\/servihonda.es\/en\/wp-json\/wp\/v2\/media\/4373"}],"wp:attachment":[{"href":"https:\/\/servihonda.es\/en\/wp-json\/wp\/v2\/media?parent=4372"}],"wp:term":[{"taxonomy":"category","embeddable":true,"href":"https:\/\/servihonda.es\/en\/wp-json\/wp\/v2\/categories?post=4372"},{"taxonomy":"post_tag","embeddable":true,"href":"https:\/\/servihonda.es\/en\/wp-json\/wp\/v2\/tags?post=4372"}],"curies":[{"name":"wp","href":"https:\/\/api.w.org\/{rel}","templated":true}]}}