{"id":4110,"date":"2020-10-05T09:54:23","date_gmt":"2020-10-05T07:54:23","guid":{"rendered":"https:\/\/servihonda.es\/do-you-own-a-honda-x-adv-then-join-us-on-saturday-october-24-to-enjoy-the-views-from-el-mirador-tajo-de-la-encantada-in-el-chorro\/"},"modified":"2026-08-31T14:25:51","modified_gmt":"2026-08-31T12:25:51","slug":"do-you-own-a-honda-x-adv-then-join-us-on-saturday-october-24-to-enjoy-the-views-from-el-mirador-tajo-de-la-encantada-in-el-chorro","status":"publish","type":"post","link":"https:\/\/servihonda.es\/en\/do-you-own-a-honda-x-adv-then-join-us-on-saturday-october-24-to-enjoy-the-views-from-el-mirador-tajo-de-la-encantada-in-el-chorro\/","title":{"rendered":"Do you own a Honda X-ADV? If so, come join us on Saturday, October 24, to enjoy the views from El Mirador Tajo de La Encantada in El Chorro."},"content":{"rendered":"&#13;\n<p class=\"wp-block-paragraph\">If you own a Honda X-ADV, join us on Saturday, October 24, to explore one of M\u00e1laga\u2019s most beautiful and iconic spots: the Tajo de la Encantada Lookout, located in El Chorro and very close to El Caminito del Rey, where we\u2019ll be able to enjoy spectacular views of nature in all its splendor.<\/p>&#13;\n&#13;\n<p class=\"wp-block-paragraph\">We\u2019ll meet at 8:45 a.m. at Servihonda M\u00e1laga, Servihonda Marbella, and Servihonda Fuengirola, and leave at 9:00 a.m. for Venta Platero, at the entrance to Co\u00edn, where we\u2019ll regroup and have breakfast before continuing our route to El Chorro (M\u00e1laga), with arrival at El Mirador Tajo de La Encantada scheduled for around 11:30 a.m., where we\u2019ll have the opportunity to enjoy the views, take the customary group photo, exchange thoughts, and rest for a while before wrapping up the activity.<\/p>&#13;\n&#13;\n<p class=\"wp-block-paragraph\">Don&#8217;t forget that this event, which has no registration fee, is exclusively for Honda X-ADV owners and will take place entirely on paved roads.<\/p>&#13;\n&#13;\n<p class=\"wp-block-paragraph\">Of course, wear a mask at all times and maintain a safe distance in accordance with current regulations.<\/p>&#13;\n&#13;\n<p class=\"wp-block-paragraph\"><strong>SCHEDULE FOR SATURDAY, OCTOBER 24<\/strong><\/p>&#13;\n&#13;\n<p class=\"wp-block-paragraph\">8:45 a.m. Servihonda M\u00e1laga meeting.  <a href=\"https:\/\/g.page\/servihonda-malaga?share\" target=\"_blank\" rel=\"noreferrer noopener\">Click here to get there.<\/a><\/p>&#13;\n&#13;\n<p class=\"wp-block-paragraph\">8:45 a.m. Servihonda Marbella meeting.  <a href=\"https:\/\/goo.gl\/maps\/pn88TQHoveuitkEu5\" target=\"_blank\" rel=\"noreferrer noopener\">Click here to get there.<\/a><\/p>&#13;\n&#13;\n<p class=\"wp-block-paragraph\">8:45 a.m. Servihonda meeting in Fuengirola.  <a href=\"https:\/\/g.page\/servihonda-fuengirola?share\" target=\"_blank\" rel=\"noreferrer noopener\">Click here to get there.<\/a><\/p>&#13;\n&#13;\n<p class=\"wp-block-paragraph\">9:00 a.m. Simultaneous departure from the three Servihonda locations, bound for Venta Platero (Co\u00edn).  <a href=\"https:\/\/goo.gl\/maps\/nG8Dgxh1TrDQfKgo7\" target=\"_blank\" rel=\"noreferrer noopener\">Click here to get there.<\/a><\/p>&#13;\n&#13;\n<p class=\"wp-block-paragraph\">10:30 a.m. Departure for the La Encantada Lookout (El Chorro &#8211; M\u00e1laga).  <a href=\"https:\/\/goo.gl\/maps\/zif1tZvAMRxTt5Qr6\" target=\"_blank\" rel=\"noreferrer noopener\">Click here to get there.<\/a><\/p>&#13;\n&#13;\n<p class=\"wp-block-paragraph\">12:00 p.m. End of activity; return on your own.<\/p>&#13;\n\r\n<p>Reserve your spot by calling <a href=\"tel:+34661389172\">661389172 (click to call)<\/a> or send us an email at ventas6@servihonda.com<\/p>\r\n&#13;\n<p class=\"wp-block-paragraph\"><a href=\"https:\/\/www.servihonda.es\/fotos-honda-x-adv\/\">Learn more about the Honda X-ADV.<\/a><\/p>&#13;\n&#13;\n<figure class=\"wp-block-image size-full\"><img decoding=\"async\" class=\"wp-image-914\" src=\"https:\/\/www.servihonda.es\/wp-content\/uploads\/2020\/10\/Ruta-X-ADV-Octubre-La-Encantada-02.jpg\" alt=\"\"\/>&#13;\n<figcaption>Honda X-ADV Ride, October 24.<\/figcaption>&#13;\n<\/figure>&#13;\n","protected":false},"excerpt":{"rendered":"<p>&#13; If you own a Honda X-ADV, join us on Saturday, October 24, to explore one of M\u00e1laga\u2019s most beautiful and iconic spots: the Tajo de la Encantada Lookout, located in El Chorro and very close to El Caminito del Rey, where we\u2019ll be able to enjoy spectacular views of nature in all its splendor&#8230;.<\/p>\n","protected":false},"author":1,"featured_media":4768,"comment_status":"closed","ping_status":"closed","sticky":false,"template":"","format":"standard","meta":{"_acf_changed":false,"footnotes":""},"categories":[383,387,385,386,395,396,397],"tags":[400],"class_list":["post-4110","post","type-post","status-publish","format-standard","has-post-thumbnail","hentry","category-activities","category-honda-x-adv","category-motorcycles","category-servihonda","category-servihonda-fuengirola","category-servihonda-malaga","category-servihonda-marbella","tag-1st-honda-x-adv-route"],"acf":[],"yoast_head":"<!-- This site is optimized with the Yoast SEO plugin v28.4 - https:\/\/yoast.com\/product\/yoast-seo-wordpress\/ -->\n<title>Do you own a Honda X-ADV? If so, come join us on Saturday, October 24, to enjoy the views from El Mirador Tajo de La Encantada in El Chorro. | Servihonda M\u00e1laga% Servihonda M\u00e1laga Servihonda M\u00e1laga%.<\/title>\n<meta name=\"description\" content=\"Do you own a Honda X-ADV? If so, come join us on Saturday, October 24, to enjoy the views from El Mirador Tajo de La Encantada in El Chorro.\" \/>\n<meta name=\"robots\" content=\"index, follow, max-snippet:-1, max-image-preview:large, max-video-preview:-1\" \/>\n<link rel=\"canonical\" href=\"https:\/\/servihonda.es\/en\/do-you-own-a-honda-x-adv-then-join-us-on-saturday-october-24-to-enjoy-the-views-from-el-mirador-tajo-de-la-encantada-in-el-chorro\/\" \/>\n<meta property=\"og:locale\" content=\"en_US\" \/>\n<meta property=\"og:type\" content=\"article\" \/>\n<meta property=\"og:title\" content=\"Do you own a Honda X-ADV? If so, come join us on Saturday, October 24, to enjoy the views from El Mirador Tajo de La Encantada in El Chorro. | Servihonda M\u00e1laga% Servihonda M\u00e1laga Servihonda M\u00e1laga%.\" \/>\n<meta property=\"og:description\" content=\"Do you own a Honda X-ADV? If so, come join us on Saturday, October 24, to enjoy the views from El Mirador Tajo de La Encantada in El Chorro.\" \/>\n<meta property=\"og:url\" content=\"https:\/\/servihonda.es\/en\/do-you-own-a-honda-x-adv-then-join-us-on-saturday-october-24-to-enjoy-the-views-from-el-mirador-tajo-de-la-encantada-in-el-chorro\/\" \/>\n<meta property=\"og:site_name\" content=\"Servihonda M\u00e1laga\" \/>\n<meta property=\"article:published_time\" content=\"2020-10-05T07:54:23+00:00\" \/>\n<meta property=\"article:modified_time\" content=\"2026-08-31T12:25:51+00:00\" \/>\n<meta property=\"og:image\" content=\"https:\/\/servihonda.es\/wp-content\/uploads\/2025\/09\/comprar-honda-xadv-marbella-scaled.png\" \/>\n\t<meta property=\"og:image:width\" content=\"1920\" \/>\n\t<meta property=\"og:image:height\" content=\"1080\" \/>\n\t<meta property=\"og:image:type\" content=\"image\/png\" \/>\n<meta name=\"author\" content=\"admin_solbyte\" \/>\n<meta name=\"twitter:card\" content=\"summary_large_image\" \/>\n<meta name=\"twitter:label1\" content=\"Written by\" \/>\n\t<meta name=\"twitter:data1\" content=\"admin_solbyte\" \/>\n\t<meta name=\"twitter:label2\" content=\"Est. reading time\" \/>\n\t<meta name=\"twitter:data2\" content=\"1 minute\" \/>\n<script type=\"application\/ld+json\" class=\"yoast-schema-graph\">{\"@context\":\"https:\\\/\\\/schema.org\",\"@graph\":[{\"@type\":\"Article\",\"@id\":\"https:\\\/\\\/servihonda.es\\\/en\\\/do-you-own-a-honda-x-adv-then-join-us-on-saturday-october-24-to-enjoy-the-views-from-el-mirador-tajo-de-la-encantada-in-el-chorro\\\/#article\",\"isPartOf\":{\"@id\":\"https:\\\/\\\/servihonda.es\\\/en\\\/do-you-own-a-honda-x-adv-then-join-us-on-saturday-october-24-to-enjoy-the-views-from-el-mirador-tajo-de-la-encantada-in-el-chorro\\\/\"},\"author\":{\"name\":\"admin_solbyte\",\"@id\":\"https:\\\/\\\/servihonda.es\\\/en\\\/#\\\/schema\\\/person\\\/b088e98ec16e7b8567544de9564df77a\"},\"headline\":\"Do you own a Honda X-ADV? If so, come join us on Saturday, October 24, to enjoy the views from El Mirador Tajo de La Encantada in El Chorro.\",\"datePublished\":\"2020-10-05T07:54:23+00:00\",\"dateModified\":\"2026-08-31T12:25:51+00:00\",\"mainEntityOfPage\":{\"@id\":\"https:\\\/\\\/servihonda.es\\\/en\\\/do-you-own-a-honda-x-adv-then-join-us-on-saturday-october-24-to-enjoy-the-views-from-el-mirador-tajo-de-la-encantada-in-el-chorro\\\/\"},\"wordCount\":323,\"publisher\":{\"@id\":\"https:\\\/\\\/servihonda.es\\\/en\\\/#organization\"},\"image\":{\"@id\":\"https:\\\/\\\/servihonda.es\\\/en\\\/do-you-own-a-honda-x-adv-then-join-us-on-saturday-october-24-to-enjoy-the-views-from-el-mirador-tajo-de-la-encantada-in-el-chorro\\\/#primaryimage\"},\"thumbnailUrl\":\"https:\\\/\\\/servihonda.es\\\/wp-content\\\/uploads\\\/2025\\\/09\\\/comprar-honda-xadv-marbella-scaled.png\",\"keywords\":[\"1st honda x-adv route\"],\"articleSection\":[\"Activities\",\"Honda X-ADV\",\"Motorcycles\",\"Servihonda\",\"Servihonda Fuengirola\",\"Servihonda M\u00e1laga\",\"Servihonda Marbella\"],\"inLanguage\":\"en-US\"},{\"@type\":\"WebPage\",\"@id\":\"https:\\\/\\\/servihonda.es\\\/en\\\/do-you-own-a-honda-x-adv-then-join-us-on-saturday-october-24-to-enjoy-the-views-from-el-mirador-tajo-de-la-encantada-in-el-chorro\\\/\",\"url\":\"https:\\\/\\\/servihonda.es\\\/en\\\/do-you-own-a-honda-x-adv-then-join-us-on-saturday-october-24-to-enjoy-the-views-from-el-mirador-tajo-de-la-encantada-in-el-chorro\\\/\",\"name\":\"Do you own a Honda X-ADV? If so, come join us on Saturday, October 24, to enjoy the views from El Mirador Tajo de La Encantada in El Chorro. | Servihonda M\u00e1laga% Servihonda M\u00e1laga Servihonda M\u00e1laga%.\",\"isPartOf\":{\"@id\":\"https:\\\/\\\/servihonda.es\\\/en\\\/#website\"},\"primaryImageOfPage\":{\"@id\":\"https:\\\/\\\/servihonda.es\\\/en\\\/do-you-own-a-honda-x-adv-then-join-us-on-saturday-october-24-to-enjoy-the-views-from-el-mirador-tajo-de-la-encantada-in-el-chorro\\\/#primaryimage\"},\"image\":{\"@id\":\"https:\\\/\\\/servihonda.es\\\/en\\\/do-you-own-a-honda-x-adv-then-join-us-on-saturday-october-24-to-enjoy-the-views-from-el-mirador-tajo-de-la-encantada-in-el-chorro\\\/#primaryimage\"},\"thumbnailUrl\":\"https:\\\/\\\/servihonda.es\\\/wp-content\\\/uploads\\\/2025\\\/09\\\/comprar-honda-xadv-marbella-scaled.png\",\"datePublished\":\"2020-10-05T07:54:23+00:00\",\"dateModified\":\"2026-08-31T12:25:51+00:00\",\"description\":\"Do you own a Honda X-ADV? If so, come join us on Saturday, October 24, to enjoy the views from El Mirador Tajo de La Encantada in El Chorro.\",\"breadcrumb\":{\"@id\":\"https:\\\/\\\/servihonda.es\\\/en\\\/do-you-own-a-honda-x-adv-then-join-us-on-saturday-october-24-to-enjoy-the-views-from-el-mirador-tajo-de-la-encantada-in-el-chorro\\\/#breadcrumb\"},\"inLanguage\":\"en-US\",\"potentialAction\":[{\"@type\":\"ReadAction\",\"target\":[\"https:\\\/\\\/servihonda.es\\\/en\\\/do-you-own-a-honda-x-adv-then-join-us-on-saturday-october-24-to-enjoy-the-views-from-el-mirador-tajo-de-la-encantada-in-el-chorro\\\/\"]}]},{\"@type\":\"ImageObject\",\"inLanguage\":\"en-US\",\"@id\":\"https:\\\/\\\/servihonda.es\\\/en\\\/do-you-own-a-honda-x-adv-then-join-us-on-saturday-october-24-to-enjoy-the-views-from-el-mirador-tajo-de-la-encantada-in-el-chorro\\\/#primaryimage\",\"url\":\"https:\\\/\\\/servihonda.es\\\/wp-content\\\/uploads\\\/2025\\\/09\\\/comprar-honda-xadv-marbella-scaled.png\",\"contentUrl\":\"https:\\\/\\\/servihonda.es\\\/wp-content\\\/uploads\\\/2025\\\/09\\\/comprar-honda-xadv-marbella-scaled.png\",\"width\":1920,\"height\":1080,\"caption\":\"Honda X-ADV M\u00e1laga\"},{\"@type\":\"BreadcrumbList\",\"@id\":\"https:\\\/\\\/servihonda.es\\\/en\\\/do-you-own-a-honda-x-adv-then-join-us-on-saturday-october-24-to-enjoy-the-views-from-el-mirador-tajo-de-la-encantada-in-el-chorro\\\/#breadcrumb\",\"itemListElement\":[{\"@type\":\"ListItem\",\"position\":1,\"name\":\"Home page\",\"item\":\"https:\\\/\\\/servihonda.es\\\/en\\\/home\\\/\"},{\"@type\":\"ListItem\",\"position\":2,\"name\":\"Do you own a Honda X-ADV? If so, come join us on Saturday, October 24, to enjoy the views from El Mirador Tajo de La Encantada in El Chorro.\"}]},{\"@type\":\"WebSite\",\"@id\":\"https:\\\/\\\/servihonda.es\\\/en\\\/#website\",\"url\":\"https:\\\/\\\/servihonda.es\\\/en\\\/\",\"name\":\"Servihonda M\u00e1laga\",\"description\":\"\",\"publisher\":{\"@id\":\"https:\\\/\\\/servihonda.es\\\/en\\\/#organization\"},\"potentialAction\":[{\"@type\":\"SearchAction\",\"target\":{\"@type\":\"EntryPoint\",\"urlTemplate\":\"https:\\\/\\\/servihonda.es\\\/en\\\/?s={search_term_string}\"},\"query-input\":{\"@type\":\"PropertyValueSpecification\",\"valueRequired\":true,\"valueName\":\"search_term_string\"}}],\"inLanguage\":\"en-US\"},{\"@type\":\"Organization\",\"@id\":\"https:\\\/\\\/servihonda.es\\\/en\\\/#organization\",\"name\":\"Servihonda M\u00e1laga\",\"url\":\"https:\\\/\\\/servihonda.es\\\/en\\\/\",\"logo\":{\"@type\":\"ImageObject\",\"inLanguage\":\"en-US\",\"@id\":\"https:\\\/\\\/servihonda.es\\\/en\\\/#\\\/schema\\\/logo\\\/image\\\/\",\"url\":\"https:\\\/\\\/servihonda.es\\\/wp-content\\\/uploads\\\/2025\\\/09\\\/logo-servihonda.png\",\"contentUrl\":\"https:\\\/\\\/servihonda.es\\\/wp-content\\\/uploads\\\/2025\\\/09\\\/logo-servihonda.png\",\"width\":253,\"height\":72,\"caption\":\"Servihonda M\u00e1laga\"},\"image\":{\"@id\":\"https:\\\/\\\/servihonda.es\\\/en\\\/#\\\/schema\\\/logo\\\/image\\\/\"}},{\"@type\":\"Person\",\"@id\":\"https:\\\/\\\/servihonda.es\\\/en\\\/#\\\/schema\\\/person\\\/b088e98ec16e7b8567544de9564df77a\",\"name\":\"admin_solbyte\",\"image\":{\"@type\":\"ImageObject\",\"inLanguage\":\"en-US\",\"@id\":\"https:\\\/\\\/servihonda.es\\\/wp-content\\\/litespeed\\\/avatar\\\/2905668be593d6e2dab06e2848b7670e.jpg?ver=1788177307\",\"url\":\"https:\\\/\\\/servihonda.es\\\/wp-content\\\/litespeed\\\/avatar\\\/2905668be593d6e2dab06e2848b7670e.jpg?ver=1788177307\",\"contentUrl\":\"https:\\\/\\\/servihonda.es\\\/wp-content\\\/litespeed\\\/avatar\\\/2905668be593d6e2dab06e2848b7670e.jpg?ver=1788177307\",\"caption\":\"admin_solbyte\"},\"sameAs\":[\"https:\\\/\\\/servihonda.es\"]}]}<\/script>\n<!-- \/ Yoast SEO plugin. -->","yoast_head_json":{"title":"Do you own a Honda X-ADV? If so, come join us on Saturday, October 24, to enjoy the views from El Mirador Tajo de La Encantada in El Chorro. | Servihonda M\u00e1laga% Servihonda M\u00e1laga Servihonda M\u00e1laga%.","description":"Do you own a Honda X-ADV? If so, come join us on Saturday, October 24, to enjoy the views from El Mirador Tajo de La Encantada in El Chorro.","robots":{"index":"index","follow":"follow","max-snippet":"max-snippet:-1","max-image-preview":"max-image-preview:large","max-video-preview":"max-video-preview:-1"},"canonical":"https:\/\/servihonda.es\/en\/do-you-own-a-honda-x-adv-then-join-us-on-saturday-october-24-to-enjoy-the-views-from-el-mirador-tajo-de-la-encantada-in-el-chorro\/","og_locale":"en_US","og_type":"article","og_title":"Do you own a Honda X-ADV? If so, come join us on Saturday, October 24, to enjoy the views from El Mirador Tajo de La Encantada in El Chorro. | Servihonda M\u00e1laga% Servihonda M\u00e1laga Servihonda M\u00e1laga%.","og_description":"Do you own a Honda X-ADV? If so, come join us on Saturday, October 24, to enjoy the views from El Mirador Tajo de La Encantada in El Chorro.","og_url":"https:\/\/servihonda.es\/en\/do-you-own-a-honda-x-adv-then-join-us-on-saturday-october-24-to-enjoy-the-views-from-el-mirador-tajo-de-la-encantada-in-el-chorro\/","og_site_name":"Servihonda M\u00e1laga","article_published_time":"2020-10-05T07:54:23+00:00","article_modified_time":"2026-08-31T12:25:51+00:00","og_image":[{"width":1920,"height":1080,"url":"https:\/\/servihonda.es\/wp-content\/uploads\/2025\/09\/comprar-honda-xadv-marbella-scaled.png","type":"image\/png"}],"author":"admin_solbyte","twitter_card":"summary_large_image","twitter_misc":{"Written by":"admin_solbyte","Est. reading time":"1 minute"},"schema":{"@context":"https:\/\/schema.org","@graph":[{"@type":"Article","@id":"https:\/\/servihonda.es\/en\/do-you-own-a-honda-x-adv-then-join-us-on-saturday-october-24-to-enjoy-the-views-from-el-mirador-tajo-de-la-encantada-in-el-chorro\/#article","isPartOf":{"@id":"https:\/\/servihonda.es\/en\/do-you-own-a-honda-x-adv-then-join-us-on-saturday-october-24-to-enjoy-the-views-from-el-mirador-tajo-de-la-encantada-in-el-chorro\/"},"author":{"name":"admin_solbyte","@id":"https:\/\/servihonda.es\/en\/#\/schema\/person\/b088e98ec16e7b8567544de9564df77a"},"headline":"Do you own a Honda X-ADV? If so, come join us on Saturday, October 24, to enjoy the views from El Mirador Tajo de La Encantada in El Chorro.","datePublished":"2020-10-05T07:54:23+00:00","dateModified":"2026-08-31T12:25:51+00:00","mainEntityOfPage":{"@id":"https:\/\/servihonda.es\/en\/do-you-own-a-honda-x-adv-then-join-us-on-saturday-october-24-to-enjoy-the-views-from-el-mirador-tajo-de-la-encantada-in-el-chorro\/"},"wordCount":323,"publisher":{"@id":"https:\/\/servihonda.es\/en\/#organization"},"image":{"@id":"https:\/\/servihonda.es\/en\/do-you-own-a-honda-x-adv-then-join-us-on-saturday-october-24-to-enjoy-the-views-from-el-mirador-tajo-de-la-encantada-in-el-chorro\/#primaryimage"},"thumbnailUrl":"https:\/\/servihonda.es\/wp-content\/uploads\/2025\/09\/comprar-honda-xadv-marbella-scaled.png","keywords":["1st honda x-adv route"],"articleSection":["Activities","Honda X-ADV","Motorcycles","Servihonda","Servihonda Fuengirola","Servihonda M\u00e1laga","Servihonda Marbella"],"inLanguage":"en-US"},{"@type":"WebPage","@id":"https:\/\/servihonda.es\/en\/do-you-own-a-honda-x-adv-then-join-us-on-saturday-october-24-to-enjoy-the-views-from-el-mirador-tajo-de-la-encantada-in-el-chorro\/","url":"https:\/\/servihonda.es\/en\/do-you-own-a-honda-x-adv-then-join-us-on-saturday-october-24-to-enjoy-the-views-from-el-mirador-tajo-de-la-encantada-in-el-chorro\/","name":"Do you own a Honda X-ADV? If so, come join us on Saturday, October 24, to enjoy the views from El Mirador Tajo de La Encantada in El Chorro. | Servihonda M\u00e1laga% Servihonda M\u00e1laga Servihonda M\u00e1laga%.","isPartOf":{"@id":"https:\/\/servihonda.es\/en\/#website"},"primaryImageOfPage":{"@id":"https:\/\/servihonda.es\/en\/do-you-own-a-honda-x-adv-then-join-us-on-saturday-october-24-to-enjoy-the-views-from-el-mirador-tajo-de-la-encantada-in-el-chorro\/#primaryimage"},"image":{"@id":"https:\/\/servihonda.es\/en\/do-you-own-a-honda-x-adv-then-join-us-on-saturday-october-24-to-enjoy-the-views-from-el-mirador-tajo-de-la-encantada-in-el-chorro\/#primaryimage"},"thumbnailUrl":"https:\/\/servihonda.es\/wp-content\/uploads\/2025\/09\/comprar-honda-xadv-marbella-scaled.png","datePublished":"2020-10-05T07:54:23+00:00","dateModified":"2026-08-31T12:25:51+00:00","description":"Do you own a Honda X-ADV? If so, come join us on Saturday, October 24, to enjoy the views from El Mirador Tajo de La Encantada in El Chorro.","breadcrumb":{"@id":"https:\/\/servihonda.es\/en\/do-you-own-a-honda-x-adv-then-join-us-on-saturday-october-24-to-enjoy-the-views-from-el-mirador-tajo-de-la-encantada-in-el-chorro\/#breadcrumb"},"inLanguage":"en-US","potentialAction":[{"@type":"ReadAction","target":["https:\/\/servihonda.es\/en\/do-you-own-a-honda-x-adv-then-join-us-on-saturday-october-24-to-enjoy-the-views-from-el-mirador-tajo-de-la-encantada-in-el-chorro\/"]}]},{"@type":"ImageObject","inLanguage":"en-US","@id":"https:\/\/servihonda.es\/en\/do-you-own-a-honda-x-adv-then-join-us-on-saturday-october-24-to-enjoy-the-views-from-el-mirador-tajo-de-la-encantada-in-el-chorro\/#primaryimage","url":"https:\/\/servihonda.es\/wp-content\/uploads\/2025\/09\/comprar-honda-xadv-marbella-scaled.png","contentUrl":"https:\/\/servihonda.es\/wp-content\/uploads\/2025\/09\/comprar-honda-xadv-marbella-scaled.png","width":1920,"height":1080,"caption":"Honda X-ADV M\u00e1laga"},{"@type":"BreadcrumbList","@id":"https:\/\/servihonda.es\/en\/do-you-own-a-honda-x-adv-then-join-us-on-saturday-october-24-to-enjoy-the-views-from-el-mirador-tajo-de-la-encantada-in-el-chorro\/#breadcrumb","itemListElement":[{"@type":"ListItem","position":1,"name":"Home page","item":"https:\/\/servihonda.es\/en\/home\/"},{"@type":"ListItem","position":2,"name":"Do you own a Honda X-ADV? If so, come join us on Saturday, October 24, to enjoy the views from El Mirador Tajo de La Encantada in El Chorro."}]},{"@type":"WebSite","@id":"https:\/\/servihonda.es\/en\/#website","url":"https:\/\/servihonda.es\/en\/","name":"Servihonda M\u00e1laga","description":"","publisher":{"@id":"https:\/\/servihonda.es\/en\/#organization"},"potentialAction":[{"@type":"SearchAction","target":{"@type":"EntryPoint","urlTemplate":"https:\/\/servihonda.es\/en\/?s={search_term_string}"},"query-input":{"@type":"PropertyValueSpecification","valueRequired":true,"valueName":"search_term_string"}}],"inLanguage":"en-US"},{"@type":"Organization","@id":"https:\/\/servihonda.es\/en\/#organization","name":"Servihonda M\u00e1laga","url":"https:\/\/servihonda.es\/en\/","logo":{"@type":"ImageObject","inLanguage":"en-US","@id":"https:\/\/servihonda.es\/en\/#\/schema\/logo\/image\/","url":"https:\/\/servihonda.es\/wp-content\/uploads\/2025\/09\/logo-servihonda.png","contentUrl":"https:\/\/servihonda.es\/wp-content\/uploads\/2025\/09\/logo-servihonda.png","width":253,"height":72,"caption":"Servihonda M\u00e1laga"},"image":{"@id":"https:\/\/servihonda.es\/en\/#\/schema\/logo\/image\/"}},{"@type":"Person","@id":"https:\/\/servihonda.es\/en\/#\/schema\/person\/b088e98ec16e7b8567544de9564df77a","name":"admin_solbyte","image":{"@type":"ImageObject","inLanguage":"en-US","@id":"https:\/\/servihonda.es\/wp-content\/litespeed\/avatar\/2905668be593d6e2dab06e2848b7670e.jpg?ver=1788177307","url":"https:\/\/servihonda.es\/wp-content\/litespeed\/avatar\/2905668be593d6e2dab06e2848b7670e.jpg?ver=1788177307","contentUrl":"https:\/\/servihonda.es\/wp-content\/litespeed\/avatar\/2905668be593d6e2dab06e2848b7670e.jpg?ver=1788177307","caption":"admin_solbyte"},"sameAs":["https:\/\/servihonda.es"]}]}},"permalink_manager":null,"_links":{"self":[{"href":"https:\/\/servihonda.es\/en\/wp-json\/wp\/v2\/posts\/4110","targetHints":{"allow":["GET"]}}],"collection":[{"href":"https:\/\/servihonda.es\/en\/wp-json\/wp\/v2\/posts"}],"about":[{"href":"https:\/\/servihonda.es\/en\/wp-json\/wp\/v2\/types\/post"}],"author":[{"embeddable":true,"href":"https:\/\/servihonda.es\/en\/wp-json\/wp\/v2\/users\/1"}],"replies":[{"embeddable":true,"href":"https:\/\/servihonda.es\/en\/wp-json\/wp\/v2\/comments?post=4110"}],"version-history":[{"count":5,"href":"https:\/\/servihonda.es\/en\/wp-json\/wp\/v2\/posts\/4110\/revisions"}],"predecessor-version":[{"id":9505,"href":"https:\/\/servihonda.es\/en\/wp-json\/wp\/v2\/posts\/4110\/revisions\/9505"}],"wp:featuredmedia":[{"embeddable":true,"href":"https:\/\/servihonda.es\/en\/wp-json\/wp\/v2\/media\/4768"}],"wp:attachment":[{"href":"https:\/\/servihonda.es\/en\/wp-json\/wp\/v2\/media?parent=4110"}],"wp:term":[{"taxonomy":"category","embeddable":true,"href":"https:\/\/servihonda.es\/en\/wp-json\/wp\/v2\/categories?post=4110"},{"taxonomy":"post_tag","embeddable":true,"href":"https:\/\/servihonda.es\/en\/wp-json\/wp\/v2\/tags?post=4110"}],"curies":[{"name":"wp","href":"https:\/\/api.w.org\/{rel}","templated":true}]}}